{"id":1413,"date":"2010-10-23T21:59:05","date_gmt":"2010-10-23T20:59:05","guid":{"rendered":"http:\/\/epistel.no\/blog\/?p=1413"},"modified":"2020-06-08T07:02:29","modified_gmt":"2020-06-08T06:02:29","slug":"ikke-si-det-til-noen","status":"publish","type":"post","link":"https:\/\/epistel.no\/blog\/2010\/10\/ikke-si-det-til-noen\/","title":{"rendered":"Ikke si det til noen"},"content":{"rendered":"<p>Jeg nevner babygr\u00f8t i en bisetning. Eller kanskje noen ser meg putte litt av den moste poteten min i munnen p\u00e5 babyen.<\/p>\n<p>&#8220;Hvor gammel er hun?&#8221; sp\u00f8r de. Som regel andre foreldre, til sm\u00e5 eller st\u00f8rre barn.<\/p>\n<p>&#8220;Fire m\u00e5neder&#8221;.<\/p>\n<p>&#8220;Du har begynt \u00e5 gi henne gr\u00f8t?&#8221; <em>Det er sikkert bare jeg som h\u00f8rer den misbilligende tonen.<\/em><\/p>\n<p>&#8220;Ja, hun f\u00e5r litt smakspr\u00f8ver&#8221;.<em> Sannheten er at \u00a0hun f\u00e5r en hel porsjon gr\u00f8t og en hel porsjon moste gr\u00f8nnsaker. Hver dag.<\/em><\/p>\n<p>Hun tok aldri <a href=\"https:\/\/epistel.no\/blog\/2010\/09\/amming-er-politikk\/\">flasken med morsmelkerstatning vi pr\u00f8vde \u00e5 introdusere<\/a>, til tross for mange fors\u00f8k med forskjellige flasker, smokker, melketyper. Gummismokk er ikke mat, mamma, det er jo noe alle vet. Samtidig ble hun sultnere og sultnere, etter hvert v\u00e5knet hun nesten annenhver time gjennom hele natten. S\u00f8vntortur for b\u00e5de liten og stor. Hun var tr\u00f8tt, grinete og sulten. Og s\u00e5 ble det gr\u00f8t \u00e5 f\u00e5.<\/p>\n<p>Etter litt tid med innkj\u00f8ring og opptrapping av porsjoner spiser hun n\u00e5 to store m\u00e5ltider for dagen, gr\u00f8t og gr\u00f8nnsaker, med glupende appetitt. Hun sover tolv timer i strekk. Og hun er blitt s\u00e5 <em>blid<\/em>! Mette unger er mye blidere enn sultne unger, pussig nok.<\/p>\n<p>Helsemyndighetene har sitt \u00e5 si om denne praksisen. Som kjent skal det fullammes til seks m\u00e5neder. Med den eldste b\u00f8tte jeg p\u00e5 samvittigheten med \u00e5 blande gr\u00f8tpulveret i utpumpet morsmelk. Denne gangen gj\u00f8r jeg ikke det engang. Her g\u00e5r det i kokt vann. Og det er til og med gluten i gr\u00f8ten.<\/p>\n<p>Men ikke si det til noen.<\/p>\n","protected":false},"excerpt":{"rendered":"<p>Jeg nevner babygr\u00f8t i en bisetning. Eller kanskje noen ser meg putte litt av den moste poteten min i munnen p\u00e5 babyen. &#8220;Hvor gammel er hun?&#8221; sp\u00f8r de. Som regel andre foreldre, til sm\u00e5 eller st\u00f8rre barn. &#8220;Fire m\u00e5neder&#8221;. &#8220;Du har begynt \u00e5 gi henne gr\u00f8t?&#8221; Det er sikkert bare jeg som h\u00f8rer den misbilligende [&hellip;]<\/p>\n","protected":false},"author":2,"featured_media":0,"comment_status":"closed","ping_status":"closed","sticky":false,"template":"","format":"standard","meta":{"spay_email":"","jetpack_publicize_message":""},"categories":[3],"tags":[254,97],"jetpack_featured_media_url":"","jetpack_publicize_connections":[],"jetpack_shortlink":"https:\/\/wp.me\/ppHor-mN","jetpack_sharing_enabled":true,"_links":{"self":[{"href":"https:\/\/epistel.no\/blog\/wp-json\/wp\/v2\/posts\/1413"}],"collection":[{"href":"https:\/\/epistel.no\/blog\/wp-json\/wp\/v2\/posts"}],"about":[{"href":"https:\/\/epistel.no\/blog\/wp-json\/wp\/v2\/types\/post"}],"author":[{"embeddable":true,"href":"https:\/\/epistel.no\/blog\/wp-json\/wp\/v2\/users\/2"}],"replies":[{"embeddable":true,"href":"https:\/\/epistel.no\/blog\/wp-json\/wp\/v2\/comments?post=1413"}],"version-history":[{"count":6,"href":"https:\/\/epistel.no\/blog\/wp-json\/wp\/v2\/posts\/1413\/revisions"}],"predecessor-version":[{"id":3414,"href":"https:\/\/epistel.no\/blog\/wp-json\/wp\/v2\/posts\/1413\/revisions\/3414"}],"wp:attachment":[{"href":"https:\/\/epistel.no\/blog\/wp-json\/wp\/v2\/media?parent=1413"}],"wp:term":[{"taxonomy":"category","embeddable":true,"href":"https:\/\/epistel.no\/blog\/wp-json\/wp\/v2\/categories?post=1413"},{"taxonomy":"post_tag","embeddable":true,"href":"https:\/\/epistel.no\/blog\/wp-json\/wp\/v2\/tags?post=1413"}],"curies":[{"name":"wp","href":"https:\/\/api.w.org\/{rel}","templated":true}]}}