{"id":1193,"date":"2009-11-14T23:53:53","date_gmt":"2009-11-14T22:53:53","guid":{"rendered":"http:\/\/epistel.no\/blog\/?p=1193"},"modified":"2020-06-08T07:02:25","modified_gmt":"2020-06-08T06:02:25","slug":"snart-vaken-igjen","status":"publish","type":"post","link":"https:\/\/epistel.no\/blog\/2009\/11\/snart-vaken-igjen\/","title":{"rendered":"Snart v\u00e5ken igjen"},"content":{"rendered":"<p>Hei, bloggen. Du har v\u00e6rt fors\u00f8mt i det siste, men n\u00e5 er det p\u00e5 tide \u00e5 vekke deg til live igjen. Siden sist har jeg gjort veldig lite. Stort sett sovet. Derfor har jeg ikke blogget om Kindlen jeg har kj\u00f8pt og alt som kan sies for og imot en Kindle. Jeg har heller ikke blogget om Datalagringsdirektivet, eller chiliplanten min som har f\u00e5tt flotte r\u00f8de chilifrukter som smaker kjempesterkt.<\/p>\n<p>Men n\u00e5 kommer det seg. Den kommende uken er dedikert til \u00e5 rulle livet mitt i gang igjen. I morgen skal vi bake pepperkaker, og for f\u00f8rste gang har jeg laget deigen selv i stedet for \u00e5 kj\u00f8pe den p\u00e5 IKEA. Kanskje jeg klarer en liten time med hagearbeid i l\u00f8pet av uken, i det minste f\u00e5 rakt bort alt l\u00f8vet som har samlet seg. Julegaver m\u00e5 jeg ogs\u00e5 begynne \u00e5 tenke p\u00e5. Men en ting av gangen. Bloggen skal i alle fall f\u00e5 litt mer oppmerksomhet n\u00e5 som hjernen begynner \u00e5 komme ut av dvalemodus. H\u00e5per dere ikke har forlatt oss i mellomtiden, kj\u00e6re lesere!<\/p>\n","protected":false},"excerpt":{"rendered":"<p>Hei, bloggen. Du har v\u00e6rt fors\u00f8mt i det siste, men n\u00e5 er det p\u00e5 tide \u00e5 vekke deg til live igjen. Siden sist har jeg gjort veldig lite. Stort sett sovet. Derfor har jeg ikke blogget om Kindlen jeg har kj\u00f8pt og alt som kan sies for og imot en Kindle. Jeg har heller ikke [&hellip;]<\/p>\n","protected":false},"author":2,"featured_media":0,"comment_status":"closed","ping_status":"closed","sticky":false,"template":"","format":"standard","meta":{"spay_email":"","jetpack_publicize_message":""},"categories":[3],"tags":[],"jetpack_featured_media_url":"","jetpack_publicize_connections":[],"jetpack_shortlink":"https:\/\/wp.me\/ppHor-jf","jetpack_sharing_enabled":true,"_links":{"self":[{"href":"https:\/\/epistel.no\/blog\/wp-json\/wp\/v2\/posts\/1193"}],"collection":[{"href":"https:\/\/epistel.no\/blog\/wp-json\/wp\/v2\/posts"}],"about":[{"href":"https:\/\/epistel.no\/blog\/wp-json\/wp\/v2\/types\/post"}],"author":[{"embeddable":true,"href":"https:\/\/epistel.no\/blog\/wp-json\/wp\/v2\/users\/2"}],"replies":[{"embeddable":true,"href":"https:\/\/epistel.no\/blog\/wp-json\/wp\/v2\/comments?post=1193"}],"version-history":[{"count":4,"href":"https:\/\/epistel.no\/blog\/wp-json\/wp\/v2\/posts\/1193\/revisions"}],"predecessor-version":[{"id":3336,"href":"https:\/\/epistel.no\/blog\/wp-json\/wp\/v2\/posts\/1193\/revisions\/3336"}],"wp:attachment":[{"href":"https:\/\/epistel.no\/blog\/wp-json\/wp\/v2\/media?parent=1193"}],"wp:term":[{"taxonomy":"category","embeddable":true,"href":"https:\/\/epistel.no\/blog\/wp-json\/wp\/v2\/categories?post=1193"},{"taxonomy":"post_tag","embeddable":true,"href":"https:\/\/epistel.no\/blog\/wp-json\/wp\/v2\/tags?post=1193"}],"curies":[{"name":"wp","href":"https:\/\/api.w.org\/{rel}","templated":true}]}}