{"id":1145,"date":"2009-08-09T09:21:48","date_gmt":"2009-08-09T08:21:48","guid":{"rendered":"http:\/\/epistel.no\/blog\/?p=1145"},"modified":"2020-06-08T07:02:24","modified_gmt":"2020-06-08T06:02:24","slug":"frp-en-forfulgt-folkerase","status":"publish","type":"post","link":"https:\/\/epistel.no\/blog\/2009\/08\/frp-en-forfulgt-folkerase\/","title":{"rendered":"FrP &#8211; en forfulgt folkerase?"},"content":{"rendered":"<p>FrP har en godt innarbeidet ryggmargsrefleks for \u00e5 tre inn i offerrollen n\u00e5r noen er uenige med dem. Sutreleppen kommer fram, og vedkommende politiker er enten rystet eller dypt sjokkert.<\/p>\n<p>I dag er det FrPs generalsekret\u00e6r Geir Mo som er p\u00e5 ferde. Komponist J\u00f8rund Fluge har nemlig nektet artisten Asgeir Borgemoen \u00e5 bruke hans l\u00e5ter p\u00e5 et FrP-arrangement. Begrunnelsen er at han ikke \u00f8nsker \u00e5 stille opp for et parti som \u00f8nsker \u00e5 redusere kulturst\u00f8tte og gj\u00f8re arbeidsvilk\u00e5rene vanskeligere for ham som komponist.<\/p>\n<p>Noen av oss vil anse dette som et \u00e5pent og \u00e6rlig politisk standpunkt. Men generalsekret\u00e6r Geir Mo synes det er det t\u00e5peligste han har h\u00f8rt, og fortsetter:<\/p>\n<blockquote><p>N\u00e5r det gjelder komponisten, foresl\u00e5r jeg at han sender et forslag til regjeringen om merking av alle FrP-ere, slik at han kan spytte p\u00e5 dem n\u00e5r han ser dem.<\/p><\/blockquote>\n<p>Jeg tror faktisk ikke jeg har noen ytterligere kommentar.<\/p>\n","protected":false},"excerpt":{"rendered":"<p>FrP har en godt innarbeidet ryggmargsrefleks for \u00e5 tre inn i offerrollen n\u00e5r noen er uenige med dem. Sutreleppen kommer fram, og vedkommende politiker er enten rystet eller dypt sjokkert. I dag er det FrPs generalsekret\u00e6r Geir Mo som er p\u00e5 ferde. Komponist J\u00f8rund Fluge har nemlig nektet artisten Asgeir Borgemoen \u00e5 bruke hans l\u00e5ter [&hellip;]<\/p>\n","protected":false},"author":2,"featured_media":0,"comment_status":"closed","ping_status":"closed","sticky":false,"template":"","format":"standard","meta":{"spay_email":"","jetpack_publicize_message":""},"categories":[3],"tags":[181,112,182],"jetpack_featured_media_url":"","jetpack_publicize_connections":[],"jetpack_shortlink":"https:\/\/wp.me\/ppHor-it","jetpack_sharing_enabled":true,"_links":{"self":[{"href":"https:\/\/epistel.no\/blog\/wp-json\/wp\/v2\/posts\/1145"}],"collection":[{"href":"https:\/\/epistel.no\/blog\/wp-json\/wp\/v2\/posts"}],"about":[{"href":"https:\/\/epistel.no\/blog\/wp-json\/wp\/v2\/types\/post"}],"author":[{"embeddable":true,"href":"https:\/\/epistel.no\/blog\/wp-json\/wp\/v2\/users\/2"}],"replies":[{"embeddable":true,"href":"https:\/\/epistel.no\/blog\/wp-json\/wp\/v2\/comments?post=1145"}],"version-history":[{"count":4,"href":"https:\/\/epistel.no\/blog\/wp-json\/wp\/v2\/posts\/1145\/revisions"}],"predecessor-version":[{"id":3312,"href":"https:\/\/epistel.no\/blog\/wp-json\/wp\/v2\/posts\/1145\/revisions\/3312"}],"wp:attachment":[{"href":"https:\/\/epistel.no\/blog\/wp-json\/wp\/v2\/media?parent=1145"}],"wp:term":[{"taxonomy":"category","embeddable":true,"href":"https:\/\/epistel.no\/blog\/wp-json\/wp\/v2\/categories?post=1145"},{"taxonomy":"post_tag","embeddable":true,"href":"https:\/\/epistel.no\/blog\/wp-json\/wp\/v2\/tags?post=1145"}],"curies":[{"name":"wp","href":"https:\/\/api.w.org\/{rel}","templated":true}]}}